{"id":179,"date":"2015-09-01T20:04:28","date_gmt":"2015-09-01T18:04:28","guid":{"rendered":"http:\/\/pm4-gorzow.pl\/?p=179"},"modified":"2026-03-20T16:14:39","modified_gmt":"2026-03-20T15:14:39","slug":"kalendarz-uroczystosci","status":"publish","type":"post","link":"https:\/\/pm4-gorzow.pl\/?p=179","title":{"rendered":"Kalendarz uroczysto\u015bci"},"content":{"rendered":"<p>Kalendarz uroczysto\u015bci i wycieczek w roku szkolnym 2015\/ 2016<!--more--><\/p>\n<table width=\"435\" cellspacing=\"0\" cellpadding=\"4\">\n<colgroup>\n<col width=\"256\" \/>\n<col width=\"161\" \/> <\/colgroup>\n<tbody>\n<tr>\n<td width=\"256\">\n<p align=\"center\"><span style=\"font-size: small;\"><b>Grzybobranie w K\u0142odawie<\/b><\/span><\/p>\n<\/td>\n<td width=\"161\">\n<p align=\"center\"><span style=\"font-size: small;\">wrzesie\u0144<\/span><\/p>\n<\/td>\n<\/tr>\n<tr>\n<td width=\"256\">\n<p align=\"center\"><span style=\"font-size: small;\"><b>Og\u00f3lnopolski Dzie\u0144 Przedszkolaka<\/b><\/span><\/p>\n<\/td>\n<td width=\"161\">\n<p align=\"center\"><span style=\"font-size: small;\">wrzesie\u0144<\/span><\/p>\n<\/td>\n<\/tr>\n<tr>\n<td width=\"256\">\n<p align=\"center\"><span style=\"font-size: small;\"><b>Dzie\u0144 drzewa<\/b><\/span><\/p>\n<\/td>\n<td width=\"161\">\n<p align=\"center\"><span style=\"font-size: small;\">pa\u017adziernik<\/span><\/p>\n<\/td>\n<\/tr>\n<tr>\n<td width=\"256\">\n<p align=\"center\"><span style=\"font-size: small;\"><b>Dzie\u0144 nauczyciela<\/b><\/span><\/p>\n<\/td>\n<td width=\"161\">\n<p align=\"center\"><span style=\"font-size: small;\">pa\u017adziernik<\/span><\/p>\n<\/td>\n<\/tr>\n<tr>\n<td width=\"256\">\n<p align=\"center\"><span style=\"font-size: small;\"><b>\u015awi\u0119to Niepodleg\u0142o\u015bci<\/b><\/span><\/p>\n<\/td>\n<td width=\"161\">\n<p align=\"center\"><span style=\"font-size: small;\">listopad<\/span><\/p>\n<\/td>\n<\/tr>\n<tr>\n<td width=\"256\">\n<p align=\"center\"><span style=\"font-size: small;\"><b>Pasowanie na przedszkolaka<\/b><\/span><\/p>\n<\/td>\n<td width=\"161\">\n<p align=\"center\"><span style=\"font-size: small;\">pa\u017adziernik<\/span><\/p>\n<\/td>\n<\/tr>\n<tr>\n<td width=\"256\">\n<p align=\"center\"><span style=\"font-size: small;\"><b>\u015awiatowy Dzie\u0144 Pluszowego Misia<\/b><\/span><\/p>\n<\/td>\n<td width=\"161\">\n<p align=\"center\"><span style=\"font-size: small;\">listopad<\/span><\/p>\n<\/td>\n<\/tr>\n<tr>\n<td width=\"256\">\n<p align=\"center\"><span style=\"font-size: small;\"><b>Wr\u00f3\u017cby i zabawy andrzejkowe<\/b><\/span><\/p>\n<\/td>\n<td width=\"161\">\n<p align=\"center\"><span style=\"font-size: small;\">listopad<\/span><\/p>\n<\/td>\n<\/tr>\n<tr>\n<td width=\"256\">\n<p align=\"center\"><span style=\"font-size: small;\"><b>Spotkanie z Miko\u0142ajem<\/b><\/span><\/p>\n<\/td>\n<td width=\"161\">\n<p align=\"center\"><span style=\"font-size: small;\">grudzie\u0144<\/span><\/p>\n<\/td>\n<\/tr>\n<tr>\n<td width=\"256\">\n<p align=\"center\"><span style=\"font-size: small;\"><b>Ubieranie choinki na Placu Katedralnym<\/b><\/span><\/p>\n<\/td>\n<td width=\"161\">\n<p align=\"center\"><span style=\"font-size: small;\">grudzie\u0144<\/span><\/p>\n<\/td>\n<\/tr>\n<tr>\n<td width=\"256\">\n<p align=\"center\"><span style=\"font-size: small;\"><b>Jase\u0142ka i spotkanie wigilijne<\/b><\/span><\/p>\n<\/td>\n<td width=\"161\">\n<p align=\"center\"><span style=\"font-size: small;\">grudzie\u0144<\/span><\/p>\n<\/td>\n<\/tr>\n<tr>\n<td width=\"256\">\n<p align=\"center\"><span style=\"font-size: small;\"><b>Bal karnawa\u0142owy<\/b><\/span><\/p>\n<\/td>\n<td width=\"161\">\n<p align=\"center\"><span style=\"font-size: small;\">stycze\u0144<\/span><\/p>\n<\/td>\n<\/tr>\n<tr>\n<td width=\"256\">\n<p align=\"center\"><span style=\"font-size: small;\"><b>Dzie\u0144 Babci i Dziadka<\/b><\/span><\/p>\n<p align=\"center\"><strong>Rocznica Nadania Imienia<\/strong><\/p>\n<\/td>\n<td width=\"161\">\n<p align=\"center\"><span style=\"font-size: small;\">stycze\u0144<\/span><\/p>\n<p align=\"center\">luty<\/p>\n<\/td>\n<\/tr>\n<tr>\n<td width=\"256\">\n<p align=\"center\"><span style=\"font-size: small;\"><b>Dzie\u0144 Kobiet<\/b><\/span><\/p>\n<\/td>\n<td width=\"161\">\n<p align=\"center\"><span style=\"font-size: small;\">marzec<\/span><\/p>\n<\/td>\n<\/tr>\n<tr>\n<td width=\"256\">\n<p align=\"center\"><span style=\"font-size: small;\"><b>Powitanie wiosny<\/b><\/span><\/p>\n<\/td>\n<td width=\"161\">\n<p align=\"center\"><span style=\"font-size: small;\">marzec<\/span><\/p>\n<\/td>\n<\/tr>\n<tr>\n<td width=\"256\">\n<p align=\"center\"><span style=\"font-size: small;\"><b>Dzie\u0144 otwarty dla nowych dzieci<br \/>\ni ich rodzic\u00f3w<\/b><\/span><\/p>\n<\/td>\n<td width=\"161\">\n<p align=\"center\"><span style=\"font-size: small;\">marzec<\/span><\/p>\n<\/td>\n<\/tr>\n<tr>\n<td width=\"256\">\n<p align=\"center\"><span style=\"font-size: small;\"><b>Dzie\u0144 wody<\/b><\/span><\/p>\n<\/td>\n<td width=\"161\">\n<p align=\"center\"><span style=\"font-size: small;\">kwiecie\u0144<\/span><\/p>\n<\/td>\n<\/tr>\n<tr>\n<td width=\"256\">\n<p align=\"center\"><span style=\"font-size: small;\"><b>Kiermasz \u015bwi\u0105teczny<\/b><\/span><\/p>\n<\/td>\n<td width=\"161\">\n<p align=\"center\"><span style=\"font-size: small;\">kwiecie\u0144<\/span><\/p>\n<\/td>\n<\/tr>\n<tr>\n<td width=\"256\">\n<p align=\"center\"><span style=\"font-size: small;\"><b>\u015awiatowy Dzie\u0144 Ziemi<\/b><\/span><\/p>\n<\/td>\n<td width=\"161\">\n<p align=\"center\"><span style=\"font-size: small;\">kwiecie\u0144<\/span><\/p>\n<\/td>\n<\/tr>\n<tr>\n<td width=\"256\">\n<p align=\"center\"><span style=\"font-size: small;\"><b>Spartakiada<\/b><\/span><\/p>\n<\/td>\n<td width=\"161\">\n<p align=\"center\"><span style=\"font-size: small;\">maj<\/span><\/p>\n<\/td>\n<\/tr>\n<tr>\n<td width=\"256\">\n<p align=\"center\"><span style=\"font-size: small;\"><b>Przegl\u0105d teatrzyk\u00f3w przedszkolnych<\/b><\/span><\/p>\n<\/td>\n<td width=\"161\">\n<p align=\"center\"><span style=\"font-size: small;\">maj<\/span><\/p>\n<\/td>\n<\/tr>\n<tr>\n<td width=\"256\">\n<p align=\"center\"><span style=\"font-size: small;\"><b>Dzie\u0144 Matki i Ojca<\/b><\/span><\/p>\n<\/td>\n<td width=\"161\">\n<p align=\"center\"><span style=\"font-size: small;\">maj<\/span><\/p>\n<\/td>\n<\/tr>\n<tr>\n<td width=\"256\">\n<p align=\"center\"><span style=\"font-size: small;\"><b>Podsumowanie innowacji<br \/>\n\u201eCztery \u017cywio\u0142y- cztery podr\u00f3\u017ce\u201d<\/b><\/span><\/p>\n<\/td>\n<td width=\"161\">\n<p align=\"center\"><span style=\"font-size: small;\">czerwiec<\/span><\/p>\n<\/td>\n<\/tr>\n<tr>\n<td width=\"256\">\n<p align=\"center\"><span style=\"font-size: small;\"><b>Dzie\u0144 Dziecka<\/b><\/span><\/p>\n<\/td>\n<td width=\"161\">\n<p align=\"center\"><span style=\"font-size: small;\">czerwiec<\/span><\/p>\n<\/td>\n<\/tr>\n<tr>\n<td width=\"256\">\n<p align=\"center\"><span style=\"font-size: small;\"><b>Po\u017cegnanie starszak\u00f3w<\/b><\/span><\/p>\n<\/td>\n<td width=\"161\">\n<p align=\"center\"><span style=\"font-size: small;\">czerwiec<\/span><\/p>\n<\/td>\n<\/tr>\n<\/tbody>\n<\/table>\n","protected":false},"excerpt":{"rendered":"<p>Kalendarz uroczysto\u015bci i wycieczek w roku szkolnym 2015\/ 2016<\/p>\n","protected":false},"author":16,"featured_media":0,"comment_status":"open","ping_status":"open","sticky":false,"template":"","format":"standard","meta":{"footnotes":""},"categories":[10],"tags":[],"class_list":["post-179","post","type-post","status-publish","format-standard","hentry","category-dla-rodzicow"],"_links":{"self":[{"href":"https:\/\/pm4-gorzow.pl\/index.php?rest_route=\/wp\/v2\/posts\/179","targetHints":{"allow":["GET"]}}],"collection":[{"href":"https:\/\/pm4-gorzow.pl\/index.php?rest_route=\/wp\/v2\/posts"}],"about":[{"href":"https:\/\/pm4-gorzow.pl\/index.php?rest_route=\/wp\/v2\/types\/post"}],"author":[{"embeddable":true,"href":"https:\/\/pm4-gorzow.pl\/index.php?rest_route=\/wp\/v2\/users\/16"}],"replies":[{"embeddable":true,"href":"https:\/\/pm4-gorzow.pl\/index.php?rest_route=%2Fwp%2Fv2%2Fcomments&post=179"}],"version-history":[{"count":1,"href":"https:\/\/pm4-gorzow.pl\/index.php?rest_route=\/wp\/v2\/posts\/179\/revisions"}],"predecessor-version":[{"id":55745,"href":"https:\/\/pm4-gorzow.pl\/index.php?rest_route=\/wp\/v2\/posts\/179\/revisions\/55745"}],"wp:attachment":[{"href":"https:\/\/pm4-gorzow.pl\/index.php?rest_route=%2Fwp%2Fv2%2Fmedia&parent=179"}],"wp:term":[{"taxonomy":"category","embeddable":true,"href":"https:\/\/pm4-gorzow.pl\/index.php?rest_route=%2Fwp%2Fv2%2Fcategories&post=179"},{"taxonomy":"post_tag","embeddable":true,"href":"https:\/\/pm4-gorzow.pl\/index.php?rest_route=%2Fwp%2Fv2%2Ftags&post=179"}],"curies":[{"name":"wp","href":"https:\/\/api.w.org\/{rel}","templated":true}]}}