{"id":169,"date":"2015-09-01T19:26:34","date_gmt":"2015-09-01T17:26:34","guid":{"rendered":"http:\/\/pm4-gorzow.pl\/?p=169"},"modified":"2026-03-20T16:14:38","modified_gmt":"2026-03-20T15:14:38","slug":"harmonogram-zebran","status":"publish","type":"post","link":"https:\/\/pm4-gorzow.pl\/?p=169","title":{"rendered":"Harmonogram zebra\u0144"},"content":{"rendered":"<p>Harmonogram zebra\u0144 z rodzicami w roku szkolnym 2015\/ 2016<!--more--><\/p>\n<p><strong>07.09.2015 r.- <\/strong>Zebranie og\u00f3lne i grupowe- rozpoczynaj\u0105ce nowy rok szkolny 2014\/2015<br \/>\n<strong>02.12. 2015 r.- <\/strong>Zebrania grupowe- om\u00f3wienie dotychczasowej realizacji tre\u015bci programowych i najbli\u017cszych wydarze\u0144 w przedszkolu. Grupa III i IV przedstawienie wynik\u00f3w diagnozy.<br \/>\n<strong>16.03.2016 r.-<\/strong> Zebrania grupowe- realizacja tre\u015bci programowych, om\u00f3wienie najbli\u017cszych wydarze\u0144 w przedszkolu:Dzie\u0144 Dziecka, Po\u017cegnanie 5 i 6- latk\u00f3w. Podsumowanie gotowo\u015bci szkolnej dzieci 5 i 6- letnich<br \/>\n<strong>do 30.04.2016 r.- <\/strong>odbi\u00f3r gotowo\u015bci szkolnej dziecka- potwierdzone podpisem Rodzica!<\/p>\n<p>Opr\u00f3cz spotka\u0144 grupowych rodzic\u00f3w z nauczycielami odbywa\u0107 si\u0119 b\u0119d\u0105 systematycznie spotkania Rady Rodzic\u00f3w z dyrektorem przedszkola. Daty spotka\u0144 mog\u0105 si\u0119 nieznacznie zmieni\u0107 w zale\u017cno\u015bci od potrzeb i sytuacji.<\/p>\n","protected":false},"excerpt":{"rendered":"<p>Harmonogram zebra\u0144 z rodzicami w roku szkolnym 2015\/ 2016<\/p>\n","protected":false},"author":16,"featured_media":0,"comment_status":"closed","ping_status":"closed","sticky":false,"template":"","format":"standard","meta":{"footnotes":""},"categories":[10],"tags":[],"class_list":["post-169","post","type-post","status-publish","format-standard","hentry","category-dla-rodzicow"],"_links":{"self":[{"href":"https:\/\/pm4-gorzow.pl\/index.php?rest_route=\/wp\/v2\/posts\/169","targetHints":{"allow":["GET"]}}],"collection":[{"href":"https:\/\/pm4-gorzow.pl\/index.php?rest_route=\/wp\/v2\/posts"}],"about":[{"href":"https:\/\/pm4-gorzow.pl\/index.php?rest_route=\/wp\/v2\/types\/post"}],"author":[{"embeddable":true,"href":"https:\/\/pm4-gorzow.pl\/index.php?rest_route=\/wp\/v2\/users\/16"}],"replies":[{"embeddable":true,"href":"https:\/\/pm4-gorzow.pl\/index.php?rest_route=%2Fwp%2Fv2%2Fcomments&post=169"}],"version-history":[{"count":1,"href":"https:\/\/pm4-gorzow.pl\/index.php?rest_route=\/wp\/v2\/posts\/169\/revisions"}],"predecessor-version":[{"id":55746,"href":"https:\/\/pm4-gorzow.pl\/index.php?rest_route=\/wp\/v2\/posts\/169\/revisions\/55746"}],"wp:attachment":[{"href":"https:\/\/pm4-gorzow.pl\/index.php?rest_route=%2Fwp%2Fv2%2Fmedia&parent=169"}],"wp:term":[{"taxonomy":"category","embeddable":true,"href":"https:\/\/pm4-gorzow.pl\/index.php?rest_route=%2Fwp%2Fv2%2Fcategories&post=169"},{"taxonomy":"post_tag","embeddable":true,"href":"https:\/\/pm4-gorzow.pl\/index.php?rest_route=%2Fwp%2Fv2%2Ftags&post=169"}],"curies":[{"name":"wp","href":"https:\/\/api.w.org\/{rel}","templated":true}]}}